{"id":534,"date":"2018-12-23T03:24:01","date_gmt":"2018-12-23T03:24:01","guid":{"rendered":"http:\/\/opus-folyoirat.sk\/?p=534"},"modified":"2018-12-23T03:47:21","modified_gmt":"2018-12-23T03:47:21","slug":"grendel-lajos-1948-2018","status":"publish","type":"post","link":"https:\/\/opus-folyoirat.sk\/?p=534","title":{"rendered":"Grendel Lajos (1948\u20132018)"},"content":{"rendered":"\n<figure class=\"wp-block-image is-resized\"><img loading=\"lazy\" decoding=\"async\" src=\"http:\/\/opus-folyoirat.sk\/wp-content\/uploads\/2018\/12\/grendel_lajos-4470.jpg\" alt=\"\" class=\"wp-image-535\" width=\"512\" height=\"341\" srcset=\"https:\/\/opus-folyoirat.sk\/wp-content\/uploads\/2018\/12\/grendel_lajos-4470.jpg 1000w, https:\/\/opus-folyoirat.sk\/wp-content\/uploads\/2018\/12\/grendel_lajos-4470-300x200.jpg 300w, https:\/\/opus-folyoirat.sk\/wp-content\/uploads\/2018\/12\/grendel_lajos-4470-768x512.jpg 768w\" sizes=\"auto, (max-width: 512px) 100vw, 512px\" \/><\/figure>\n\n\n\n<p><strong>Lehullott lev\u00e9l<\/strong><\/p>\n\n\n\n<p style=\"text-align:right\"><em>(Szerkeszt\u0151i megjegyz\u00e9s: Ebben a saj\u00e1t irodalmi bajl\u00f3d\u00e1sukon t\u00falmutat\u00f3 kurta lev\u00e9lp\u00e1rban bar\u00e1taink egy n\u00e9h\u00e1ny napja elhunyt kedves ismer\u0151s\u00fcknek \u00e1ll\u00edtanak eml\u00e9ket a maguk prof\u00e1nul random m\u00f3dj\u00e1n. Vir\u00e1g helyett lev\u00e9l, r\u00e9szv\u00e9tnyilv\u00e1n\u00edt\u00e1s helyett m\u00faltfuvallat.<br>Ezzel ad\u00f3zik Lilith \u00e9s Korn\u00e9l Grendel Lajosnak \u00e9s k\u00f6z\u00f6s \u00e9lm\u00e9nyeiknek.)<\/em><\/p>\n\n\n\n<p><\/p>\n\n\n\n<p>Eml\u00e9kszel, Lilith?<\/p>\n\n\n\n<p>Nem tudom, te hogy volt\u00e1l vele, de amikor \u00e9n el\u0151sz\u00f6r megl\u00e1ttam \u0151t, tagadhatatlanul csal\u00f3dtam. Valami nagynak, m\u00e1r csak a bet\u0171r\u00edm elv\u00e9n is grandi\u00f3zusnak k\u00e9pzeltem, erre ott totyogott el\u0151ttem egy szottyadt kis \u00f6regember. Nem a m\u0171v\u00e9sz fog hi\u00e1nyozni, az elvont l\u00e9ny a n\u00e9v m\u00f6g\u00f6tt, hanem az a b\u00e1csika, aki est\u00e9nk\u00e9nt \u2019csak \u00fagy k\u00f3v\u00e1lygott\u2019 az \u00edr\u00f3t\u00e1bor ter\u00fclet\u00e9n \u00e9s iszogatta a borocsk\u00e1j\u00e1t. Az az \u00f6registen mosoly\u00fa jelens\u00e9g, aki az egyetlen \u00e1rny\u00e9kos padon olvasgatott a pihen\u0151 alatt. Az a b\u00e1jos, k\u00f6zvetlen \u00edr\u00f3nagypapa.<br>Eml\u00e9kszel, hogy tudott nevetni a legalp\u00e1ribb vicceken is? Milyen \u00e9rz\u00e9s, hogy nem lesz t\u00f6bb olyan pillanat, amikor a csicserg\u0151 \u00edr\u00f3k k\u00f6zt ott \u00fccs\u00f6r\u00f6ghet a fonott karossz\u00e9kben? Hogy m\u00e1r sosem hallhatjuk a t\u00f6m\u00f6r meg\u00e1llap\u00edt\u00e1sait a testi bajair\u00f3l meg a rendszerv\u00e1lt\u00e1sr\u00f3l (mindig volt repeta a v\u00e9n remet\u00e9t\u0151l). Olyan, mintha egy figyel\u0151 v\u00e9delmez\u0151 illant volna el\u2026 <br>Nincs t\u00f6bb szavam, csak s\u00f3hajtozn\u00e9k. Minek is besz\u00e9ln\u00e9k, ha azt mondta r\u00f3lam, t\u00fal posztmodern vagyok. <br>Sz\u00f3val b\u00facs\u00fazom, Grendel papi\u2026<br>Meg t\u0151led is.<\/p>\n\n\n\n<p style=\"text-align:right\">Korn\u00e9l, a vil\u00e1gcsavRgooo.<\/p>\n\n\n\n<p style=\"text-align:right\">(Szerkesztette: <strong>Lombo\u0161 Korn\u00e9lia<\/strong>, \u00f6njel\u00f6lt Juh\u00e1sz)<\/p>\n\n\n\n<p>.<\/p>\n\n\n\n<p><\/p>\n\n\n\n<p><strong>V\u00e1lasz a lehullott lev\u00e9lre<\/strong><br><\/p>\n\n\n\n<p style=\"text-align:right\"><em>(Szerkeszt\u0151i megjegyz\u00e9s: k\u00e9t ember, n\u00e9gy karakter eml\u00e9kp\u00e1rbaja ez)<\/em> <\/p>\n\n\n\n<p style=\"text-align:right\">\u201e\u2026a hal\u00e1l visszavonhatatlan \u00e9s v\u00e9gleges, mint egy csillag pusztul\u00e1sa a v\u00e9gtelen \u00e9s k\u00f6z\u00f6mb\u00f6s \u0171rben.\u201d (Grendel Lajos: N\u00e9gy h\u00e9t az \u00e9let)<\/p>\n\n\n\n<p>Hogy eml\u00e9kszem-e? <br>\nEgy kora \u0151szi napon l\u00e1ttam el\u0151sz\u00f6r, \u00e9letem els\u0151 olyan esem\u00e9ny\u00e9n, ahol \u201ekis\u00edr\u00f3kont\u00e1rk\u00e9nt\u201d jelentem meg. Feketes\u00e9gemben odalibbentem ahhoz az asztalhoz is, ahol \u0150 \u00fclt. \u00c9l\u0151 \u00e9retts\u00e9gi t\u00e9tel, men\u0151, mi?<br>\nL\u00e1gy k\u00e9zfog\u00e1sa volt, olyan \u00f6reg, sokatmond\u00f3, m\u00e1r-m\u00e1r n\u0151ies. <br>\n\u2013 Lajos, Grendel Lajos vagyok \u2013 mondta.<br>\n\u2013 Sz\u00f3l\u00edtson ak\u00e1r Lilithnek \u2013 v\u00e1laszoltam r\u00f6gt\u00f6n. <br>\n\u2013 K\u00e9rlek, nyugodtan tegezz, itt ez a szok\u00e1s \u2013 k\u00e9rte, \u00e9s m\u00e1sik kez\u00e9vel is megfogott, majd kom\u00f3tosan le\u00fclt. Nem mes\u00e9ltem soha, de akkor \u00e9s ott megillet\u0151dtem. Nem szok\u00e1som, te is tudod. Zavaromban csak egy f\u00e9lszeg mosolyra tellett. Az \u00e9l\u0151 t\u00f6rt\u00e9nelem egy darabja, k\u00e9rte, hogy tegezzem. Biccentettem \u00e9s t\u00e1voztam.<br>\nK\u00e9s\u0151bb, j\u00f3val k\u00e9s\u0151bb besz\u00e9lgett\u00fcnk el\u0151sz\u00f6r hosszan. L\u00e9v\u00e1r\u00f3l \u00e9s irodalomr\u00f3l, ugyan mi m\u00e1sr\u00f3l, m\u00e9zbor felett m\u00e1sr\u00f3l nem is \u00e9rdemes. <br>\nA szemei, azok hi\u00e1nyozni fognak a ny\u00e1ri tal\u00e1lkoz\u00e1sokban, \u0151szinte, k\u00edv\u00e1ncsi, \u00edt\u00e9letmentes, \u00e9rdekelte vadkelet, becs\u00fcltem \u0151t \u00e9rte, nem csak betelep\u00fclt beduinnak l\u00e1tott. <br>\nEml\u00e9kszem, azt mondta neked, hogy t\u00fal posztmodern vagy, kicsit magamra is vettem, holott neked sz\u00f3lt. Eml\u00e9kszem egy est\u00e9re, amikor a bor mell\u00e9 befigyelt az ampulla p\u00e1linka is, gy\u00f3gyszerk\u00e9nt oldotta meg mindenki nyelv\u00e9t. Eszterh\u00e1zyr\u00f3l vit\u00e1zott valakivel, \u00e9s mellettem felgy\u00falt egy pap\u00edr zsebkend\u0151.<br>\nIgazat adok, nem m\u0171v\u00e9szk\u00e9nt fog hi\u00e1nyozni, \u00fagy sosem halhat meg, ebben van a j\u00f3 \u00e9s jelent\u0151s \u00edr\u00f3 eszenci\u00e1ja, ott marad a k\u00f6nyvespolcokon, ott marad m\u00e1sokra tett hat\u00e1s\u00e1ban. M\u00e9gis b\u00facs\u00fazunk, a testt\u0151l \u00e9s hangulatt\u00f3l, amit mag\u00e1val hozott.<\/p>\n\n\n\n<p>K\u00f6sz\u00f6n\u00fcnk mindent, Grendel papi, legyen k\u00f6nny\u0171 a f\u00f6ld.<br>\nM\u00e9ly tisztelettel k\u00f6sz\u00f6n el:<\/p>\n\n\n\n<p style=\"text-align:right\">Lilith<\/p>\n\n\n\n<p style=\"text-align:right\">(Szerkesztette: <strong>T\u00f3th Vikt\u00f3ria<\/strong>)<\/p>\n","protected":false},"excerpt":{"rendered":"<p>Lehullott lev\u00e9l (Szerkeszt\u0151i megjegyz\u00e9s: Ebben a saj\u00e1t irodalmi bajl\u00f3d\u00e1sukon t\u00falmutat\u00f3 kurta lev\u00e9lp\u00e1rban bar\u00e1taink egy n\u00e9h\u00e1ny napja elhunyt kedves ismer\u0151s\u00fcknek \u00e1ll\u00edtanak eml\u00e9ket a maguk prof\u00e1nul random m\u00f3dj\u00e1n. Vir\u00e1g helyett lev\u00e9l, r\u00e9szv\u00e9tnyilv\u00e1n\u00edt\u00e1s helyett m\u00faltfuvallat.Ezzel ad\u00f3zik Lilith \u00e9s Korn\u00e9l Grendel Lajosnak \u00e9s k\u00f6z\u00f6s &hellip; <a href=\"https:\/\/opus-folyoirat.sk\/?p=534\">Egy kattint\u00e1s ide a folytat\u00e1shoz&#8230;. <span class=\"meta-nav\">&rarr;<\/span><\/a><\/p>\n","protected":false},"author":4,"featured_media":0,"comment_status":"open","ping_status":"open","sticky":false,"template":"","format":"standard","meta":{"footnotes":""},"categories":[1],"tags":[],"class_list":["post-534","post","type-post","status-publish","format-standard","hentry","category-egyeb"],"_links":{"self":[{"href":"https:\/\/opus-folyoirat.sk\/index.php?rest_route=\/wp\/v2\/posts\/534","targetHints":{"allow":["GET"]}}],"collection":[{"href":"https:\/\/opus-folyoirat.sk\/index.php?rest_route=\/wp\/v2\/posts"}],"about":[{"href":"https:\/\/opus-folyoirat.sk\/index.php?rest_route=\/wp\/v2\/types\/post"}],"author":[{"embeddable":true,"href":"https:\/\/opus-folyoirat.sk\/index.php?rest_route=\/wp\/v2\/users\/4"}],"replies":[{"embeddable":true,"href":"https:\/\/opus-folyoirat.sk\/index.php?rest_route=%2Fwp%2Fv2%2Fcomments&post=534"}],"version-history":[{"count":4,"href":"https:\/\/opus-folyoirat.sk\/index.php?rest_route=\/wp\/v2\/posts\/534\/revisions"}],"predecessor-version":[{"id":540,"href":"https:\/\/opus-folyoirat.sk\/index.php?rest_route=\/wp\/v2\/posts\/534\/revisions\/540"}],"wp:attachment":[{"href":"https:\/\/opus-folyoirat.sk\/index.php?rest_route=%2Fwp%2Fv2%2Fmedia&parent=534"}],"wp:term":[{"taxonomy":"category","embeddable":true,"href":"https:\/\/opus-folyoirat.sk\/index.php?rest_route=%2Fwp%2Fv2%2Fcategories&post=534"},{"taxonomy":"post_tag","embeddable":true,"href":"https:\/\/opus-folyoirat.sk\/index.php?rest_route=%2Fwp%2Fv2%2Ftags&post=534"}],"curies":[{"name":"wp","href":"https:\/\/api.w.org\/{rel}","templated":true}]}}