{"id":856,"date":"2023-09-20T09:15:49","date_gmt":"2023-09-20T09:15:49","guid":{"rendered":"http:\/\/opus-folyoirat.sk\/?p=856"},"modified":"2023-09-19T09:56:39","modified_gmt":"2023-09-19T09:56:39","slug":"irok-a-varosban-varos-az-irodalomban","status":"publish","type":"post","link":"https:\/\/opus-folyoirat.sk\/?p=856","title":{"rendered":"\u00cdr\u00f3k a\u00a0v\u00e1rosban \u2013 V\u00e1ros az irodalomban"},"content":{"rendered":"\n<p><strong>A Szlov\u00e1kiai Magyar \u00cdr\u00f3k T\u00e1rsas\u00e1ga dedik\u00e1l\u00e1ssal egybek\u00f6t\u00f6tt k\u00f6nyv\u00e1rus\u00edt\u00e1sa az&nbsp;<em>\u00cdr\u00f3k a&nbsp;v\u00e1rosban \u2013 V\u00e1ros az irodalomban&nbsp;<\/em>c\u00edm\u0171 &nbsp;program keret\u00e9n bel\u00fcl val\u00f3sul meg, tov\u00e1bb\u00e1 bemutatj\u00e1k a Szlov\u00e1kiai magyar sz\u00e9p irodalom 2023 antol\u00f3gi\u00e1t is, valamint besz\u00e9lget\u00e9sek lesznek a jelenl\u00e9v\u0151 szerz\u0151kkel.<\/strong><\/p>\n\n\n\n<figure class=\"wp-block-image size-full\"><img loading=\"lazy\" decoding=\"async\" width=\"724\" height=\"1024\" src=\"http:\/\/opus-folyoirat.sk\/wp-content\/uploads\/2023\/09\/2023_Csallokozi-vasar_irok-a-vasarban.jpeg\" alt=\"\" class=\"wp-image-857\" srcset=\"https:\/\/opus-folyoirat.sk\/wp-content\/uploads\/2023\/09\/2023_Csallokozi-vasar_irok-a-vasarban.jpeg 724w, https:\/\/opus-folyoirat.sk\/wp-content\/uploads\/2023\/09\/2023_Csallokozi-vasar_irok-a-vasarban-212x300.jpeg 212w\" sizes=\"auto, (max-width: 724px) 100vw, 724px\" \/><\/figure>\n\n\n\n<p class=\"has-text-align-right\">Forr\u00e1s: <a href=\"https:\/\/szmit.hu\/irok-a-varosban-varos-az-irodalomban\/\" data-type=\"URL\" data-id=\"https:\/\/szmit.hu\/irok-a-varosban-varos-az-irodalomban\/\">szmit.hu<\/a><\/p>\n","protected":false},"excerpt":{"rendered":"<p>A Szlov\u00e1kiai Magyar \u00cdr\u00f3k T\u00e1rsas\u00e1ga dedik\u00e1l\u00e1ssal egybek\u00f6t\u00f6tt k\u00f6nyv\u00e1rus\u00edt\u00e1sa az&nbsp;\u00cdr\u00f3k a&nbsp;v\u00e1rosban \u2013 V\u00e1ros az irodalomban&nbsp;c\u00edm\u0171 &nbsp;program keret\u00e9n bel\u00fcl val\u00f3sul meg, tov\u00e1bb\u00e1 bemutatj\u00e1k a Szlov\u00e1kiai magyar sz\u00e9p irodalom 2023 antol\u00f3gi\u00e1t is, valamint besz\u00e9lget\u00e9sek lesznek a jelenl\u00e9v\u0151 szerz\u0151kkel. Forr\u00e1s: szmit.hu<\/p>\n","protected":false},"author":4,"featured_media":0,"comment_status":"open","ping_status":"open","sticky":false,"template":"","format":"standard","meta":{"footnotes":""},"categories":[1],"tags":[6,5],"class_list":["post-856","post","type-post","status-publish","format-standard","hentry","category-egyeb","tag-irodalom","tag-szmit"],"_links":{"self":[{"href":"https:\/\/opus-folyoirat.sk\/index.php?rest_route=\/wp\/v2\/posts\/856","targetHints":{"allow":["GET"]}}],"collection":[{"href":"https:\/\/opus-folyoirat.sk\/index.php?rest_route=\/wp\/v2\/posts"}],"about":[{"href":"https:\/\/opus-folyoirat.sk\/index.php?rest_route=\/wp\/v2\/types\/post"}],"author":[{"embeddable":true,"href":"https:\/\/opus-folyoirat.sk\/index.php?rest_route=\/wp\/v2\/users\/4"}],"replies":[{"embeddable":true,"href":"https:\/\/opus-folyoirat.sk\/index.php?rest_route=%2Fwp%2Fv2%2Fcomments&post=856"}],"version-history":[{"count":3,"href":"https:\/\/opus-folyoirat.sk\/index.php?rest_route=\/wp\/v2\/posts\/856\/revisions"}],"predecessor-version":[{"id":860,"href":"https:\/\/opus-folyoirat.sk\/index.php?rest_route=\/wp\/v2\/posts\/856\/revisions\/860"}],"wp:attachment":[{"href":"https:\/\/opus-folyoirat.sk\/index.php?rest_route=%2Fwp%2Fv2%2Fmedia&parent=856"}],"wp:term":[{"taxonomy":"category","embeddable":true,"href":"https:\/\/opus-folyoirat.sk\/index.php?rest_route=%2Fwp%2Fv2%2Fcategories&post=856"},{"taxonomy":"post_tag","embeddable":true,"href":"https:\/\/opus-folyoirat.sk\/index.php?rest_route=%2Fwp%2Fv2%2Ftags&post=856"}],"curies":[{"name":"wp","href":"https:\/\/api.w.org\/{rel}","templated":true}]}}