{"id":861,"date":"2023-09-19T09:58:31","date_gmt":"2023-09-19T09:58:31","guid":{"rendered":"http:\/\/opus-folyoirat.sk\/?p=861"},"modified":"2023-09-19T09:58:32","modified_gmt":"2023-09-19T09:58:32","slug":"opus-15","status":"publish","type":"post","link":"https:\/\/opus-folyoirat.sk\/?p=861","title":{"rendered":"Opus 15"},"content":{"rendered":"\n<p>A Szlov\u00e1kiai Magyar \u00cdr\u00f3k T\u00e1rsas\u00e1ga tisztelettel megh\u00edv minden irodalomkedvel\u0151t az Opus irodalmi foly\u00f3irat jubileumi bemutat\u00f3j\u00e1ra. Az esten k\u00f6zrem\u0171k\u00f6dnek: Hodossy Gyula J\u00f3zsef Attila-d\u00edjas k\u00f6lt\u0151, az Opus felel\u0151s kiad\u00f3ja, illetve Pet\u0151cz Andr\u00e1s Bab\u00e9rkoszor\u00fa- \u00e9s J\u00f3zsef Attila-d\u00edjas k\u00f6lt\u0151, \u00edr\u00f3, a lap f\u0151szerkeszt\u0151je. Az estet Nagy Erika, a SZM\u00cdT titk\u00e1ra vezeti.<\/p>\n\n\n\n<figure class=\"wp-block-image size-large\"><img loading=\"lazy\" decoding=\"async\" width=\"724\" height=\"1024\" src=\"http:\/\/opus-folyoirat.sk\/wp-content\/uploads\/2023\/09\/opus_15-meghivo-724x1024.jpg\" alt=\"\" class=\"wp-image-862\" srcset=\"https:\/\/opus-folyoirat.sk\/wp-content\/uploads\/2023\/09\/opus_15-meghivo-724x1024.jpg 724w, https:\/\/opus-folyoirat.sk\/wp-content\/uploads\/2023\/09\/opus_15-meghivo-212x300.jpg 212w, https:\/\/opus-folyoirat.sk\/wp-content\/uploads\/2023\/09\/opus_15-meghivo-768x1086.jpg 768w, https:\/\/opus-folyoirat.sk\/wp-content\/uploads\/2023\/09\/opus_15-meghivo-1086x1536.jpg 1086w, https:\/\/opus-folyoirat.sk\/wp-content\/uploads\/2023\/09\/opus_15-meghivo-1448x2048.jpg 1448w, https:\/\/opus-folyoirat.sk\/wp-content\/uploads\/2023\/09\/opus_15-meghivo-scaled.jpg 1810w\" sizes=\"auto, (max-width: 724px) 100vw, 724px\" \/><\/figure>\n","protected":false},"excerpt":{"rendered":"<p>A Szlov\u00e1kiai Magyar \u00cdr\u00f3k T\u00e1rsas\u00e1ga tisztelettel megh\u00edv minden irodalomkedvel\u0151t az Opus irodalmi foly\u00f3irat jubileumi bemutat\u00f3j\u00e1ra. Az esten k\u00f6zrem\u0171k\u00f6dnek: Hodossy Gyula J\u00f3zsef Attila-d\u00edjas k\u00f6lt\u0151, az Opus felel\u0151s kiad\u00f3ja, illetve Pet\u0151cz Andr\u00e1s Bab\u00e9rkoszor\u00fa- \u00e9s J\u00f3zsef Attila-d\u00edjas k\u00f6lt\u0151, \u00edr\u00f3, a lap f\u0151szerkeszt\u0151je. Az &hellip; <a href=\"https:\/\/opus-folyoirat.sk\/?p=861\">Egy kattint\u00e1s ide a folytat\u00e1shoz&#8230;. <span class=\"meta-nav\">&rarr;<\/span><\/a><\/p>\n","protected":false},"author":4,"featured_media":0,"comment_status":"open","ping_status":"open","sticky":false,"template":"","format":"standard","meta":{"footnotes":""},"categories":[1],"tags":[9,7],"class_list":["post-861","post","type-post","status-publish","format-standard","hentry","category-egyeb","tag-bemutato","tag-opus"],"_links":{"self":[{"href":"https:\/\/opus-folyoirat.sk\/index.php?rest_route=\/wp\/v2\/posts\/861","targetHints":{"allow":["GET"]}}],"collection":[{"href":"https:\/\/opus-folyoirat.sk\/index.php?rest_route=\/wp\/v2\/posts"}],"about":[{"href":"https:\/\/opus-folyoirat.sk\/index.php?rest_route=\/wp\/v2\/types\/post"}],"author":[{"embeddable":true,"href":"https:\/\/opus-folyoirat.sk\/index.php?rest_route=\/wp\/v2\/users\/4"}],"replies":[{"embeddable":true,"href":"https:\/\/opus-folyoirat.sk\/index.php?rest_route=%2Fwp%2Fv2%2Fcomments&post=861"}],"version-history":[{"count":2,"href":"https:\/\/opus-folyoirat.sk\/index.php?rest_route=\/wp\/v2\/posts\/861\/revisions"}],"predecessor-version":[{"id":864,"href":"https:\/\/opus-folyoirat.sk\/index.php?rest_route=\/wp\/v2\/posts\/861\/revisions\/864"}],"wp:attachment":[{"href":"https:\/\/opus-folyoirat.sk\/index.php?rest_route=%2Fwp%2Fv2%2Fmedia&parent=861"}],"wp:term":[{"taxonomy":"category","embeddable":true,"href":"https:\/\/opus-folyoirat.sk\/index.php?rest_route=%2Fwp%2Fv2%2Fcategories&post=861"},{"taxonomy":"post_tag","embeddable":true,"href":"https:\/\/opus-folyoirat.sk\/index.php?rest_route=%2Fwp%2Fv2%2Ftags&post=861"}],"curies":[{"name":"wp","href":"https:\/\/api.w.org\/{rel}","templated":true}]}}