{"id":868,"date":"2023-09-22T12:39:53","date_gmt":"2023-09-22T12:39:53","guid":{"rendered":"http:\/\/opus-folyoirat.sk\/?p=868"},"modified":"2023-09-22T12:39:55","modified_gmt":"2023-09-22T12:39:55","slug":"palyazat-2","status":"publish","type":"post","link":"https:\/\/opus-folyoirat.sk\/?p=868","title":{"rendered":"P\u00c1LY\u00c1ZAT!"},"content":{"rendered":"\n<p>Cikk\u00edr\u00f3 p\u00e1ly\u00e1zatot hirdet a Kontur Magazin, amire szerz\u0151inknek is \u00e9rdemes odafigyelni\u00fck. <\/p>\n\n\n\n<figure class=\"wp-block-gallery has-nested-images columns-default is-cropped wp-block-gallery-1 is-layout-flex wp-block-gallery-is-layout-flex\">\n<figure class=\"wp-block-image size-large\"><img loading=\"lazy\" decoding=\"async\" width=\"1000\" height=\"650\" data-id=\"871\" src=\"http:\/\/opus-folyoirat.sk\/wp-content\/uploads\/2023\/09\/Kontur_palyazat-1.webp\" alt=\"\" class=\"wp-image-871\" srcset=\"https:\/\/opus-folyoirat.sk\/wp-content\/uploads\/2023\/09\/Kontur_palyazat-1.webp 1000w, https:\/\/opus-folyoirat.sk\/wp-content\/uploads\/2023\/09\/Kontur_palyazat-1-300x195.webp 300w, https:\/\/opus-folyoirat.sk\/wp-content\/uploads\/2023\/09\/Kontur_palyazat-1-768x499.webp 768w, https:\/\/opus-folyoirat.sk\/wp-content\/uploads\/2023\/09\/Kontur_palyazat-1-462x300.webp 462w\" sizes=\"auto, (max-width: 1000px) 100vw, 1000px\" \/><\/figure>\n<\/figure>\n\n\n\n<p>A Kontur Magazin els\u0151 alkalommal hirdeti meg&nbsp;cikk\u00edr\u00f3 p\u00e1ly\u00e1zat\u00e1t. A p\u00e1ly\u00e1zatra a kassai Kelet-szlov\u00e1kiai Gal\u00e9ri\u00e1ban 2023. november 23-ig l\u00e1togathat\u00f3&nbsp;<a href=\"https:\/\/vsg.sk\/en\/refik-anadol-winds-of-kosice-2\/\"><em>Kassai szelek (Winds of Ko\u0161ice)<\/em>&nbsp;c\u00edm\u0171 Refik Anadol-ki\u00e1ll\u00edt\u00e1sr\u00f3l<\/a>&nbsp;v\u00e1rjuk az \u00edr\u00e1sokat. Els\u0151sorban olyan sz\u00f6vegekre sz\u00e1m\u00edtunk, amelyek a ki\u00e1ll\u00edt\u00e1s munk\u00e1ira reflekt\u00e1lva foglalkoznak a m\u0171v\u00e9szet \u00e9s a mesters\u00e9ges intelligencia kapcsolat\u00e1val.<\/p>\n\n\n\n<p>Refik Anadol (1985) t\u00f6r\u00f6k-amerikai m\u00e9diam\u0171v\u00e9sz, aki a vil\u00e1g sz\u00e1mos jelent\u0151s m\u0171v\u00e9szeti int\u00e9zm\u00e9ny\u00e9ben ki\u00e1ll\u00edtott m\u00e1r, a mesters\u00e9ges intelligenci\u00e1n alapul\u00f3 kort\u00e1rs m\u0171v\u00e9szet nemzetk\u00f6zi szt\u00e1rj\u00e1nak, \u00fatt\u00f6r\u0151j\u00e9nek sz\u00e1m\u00edt, els\u0151k\u00e9nt alkalmazta a mesters\u00e9ges intelligenci\u00e1t k\u00f6zt\u00e9ri alkot\u00e1sok l\u00e9trehoz\u00e1s\u00e1n\u00e1l. A m\u0171v\u00e9szet, a tudom\u00e1ny \u00e9s a technol\u00f3gia metsz\u00e9spontj\u00e1ban tal\u00e1lhat\u00f3ak helyspecifikus, h\u00e1romdimenzi\u00f3s adatszobrai \u00e9s festm\u00e9nyei, \u00e9l\u0151 audiovizu\u00e1lis performanszai \u00e9s install\u00e1ci\u00f3i, melyek alapanyaga a digitaliz\u00e1lt kollekt\u00edv tapasztalataink, eml\u00e9kezeteink vizualiz\u00e1ci\u00f3ja algoritmusok seg\u00edts\u00e9g\u00e9vel.<\/p>\n\n\n\n<p>A Kassai szelek (Winds of Ko\u0161ice) c\u00edm\u0171 helyspecifikus adatfestm\u00e9nye alapj\u00e1t a Kass\u00e1n \u00e9s k\u00f6rny\u00e9k\u00e9n egy \u00e9ven \u00e1t gy\u0171jt\u00f6tt sz\u00e9lmint\u00e1k adathalmaza, majd azoknak egy saj\u00e1t fejleszt\u00e9s\u0171 szoftver \u00e1ltali \u00e9rtelmez\u00e9se, elemz\u00e9se k\u00e9pezi.<\/p>\n\n\n\n<p>A p\u00e1ly\u00e1zat nyertes sz\u00f6veg\u00e9t a Kontur Magazin online fel\u00fclet\u00e9n publik\u00e1ljuk, a szerz\u0151 honor\u00e1riumban \u00e9s a budapesti&nbsp;<a href=\"https:\/\/www.facebook.com\/isbnbooksgallery\">ISBN k\u00f6nyv+gal\u00e9ria<\/a>&nbsp;tizen\u00f6tezer forint (negyven eur\u00f3) \u00e9rt\u00e9k\u0171 k\u00f6nyvcsomagj\u00e1ban r\u00e9szes\u00fcl.&nbsp;<\/p>\n\n\n\n<div class=\"wp-block-group is-vertical is-layout-flex wp-container-core-group-is-layout-8cf370e7 wp-block-group-is-layout-flex\">\n<p>A p\u00e1ly\u00e1zat felt\u00e9telei:<\/p>\n\n\n\n<p>\u2013 terjedelem: 6000-10 000 karakterig (sz\u00f3k\u00f6z\u00f6ket is sz\u00e1molva)<\/p>\n\n\n\n<p>\u2013 form\u00e1tum: Word<\/p>\n\n\n\n<p>\u2013 bek\u00fcld\u00e9si hat\u00e1rid\u0151: 2023. okt\u00f3ber 29.<\/p>\n\n\n\n<p>A p\u00e1ly\u00e1zatokat n\u00e9v n\u00e9lk\u00fcl, jelig\u00e9vel<a href=\"https:\/\/forms.gle\/5QktE81GBCSjbXuQA\">&nbsp;ide&nbsp;<\/a>k\u00e9rj\u00fck felt\u00f6lteni.<\/p>\n<\/div>\n\n\n\n<p>A zs\u0171ri tagjai a Kontur Magazin szerkeszt\u0151s\u00e9ge, Szab\u00f3 Bod\u00f3 Ren\u00e1ta \u00e9s Nagy Zs\u00f3fia lesznek, illetve f\u00fcggetlen szak\u00e9rt\u0151k\u00e9nt\u00a0<a href=\"http:\/\/artbase.kunsthallebratislava.sk\/teoretik\/TMP.2\">Hushegyi G\u00e1bor<\/a>\u00a0m\u0171v\u00e9szett\u00f6rt\u00e9n\u00e9sz, m\u0171v\u00e9szeti \u00edr\u00f3 is r\u00e9szt vesz a p\u00e1ly\u00e1zatok elb\u00edr\u00e1l\u00e1s\u00e1ban.<\/p>\n\n\n\n<p class=\"has-text-align-right\">Forr\u00e1s: <a href=\"http:\/\/kontur-art.com\" data-type=\"URL\" data-id=\"kontur-art.com\">kontur-art.com<\/a><\/p>\n","protected":false},"excerpt":{"rendered":"<p>Cikk\u00edr\u00f3 p\u00e1ly\u00e1zatot hirdet a Kontur Magazin, amire szerz\u0151inknek is \u00e9rdemes odafigyelni\u00fck. A Kontur Magazin els\u0151 alkalommal hirdeti meg&nbsp;cikk\u00edr\u00f3 p\u00e1ly\u00e1zat\u00e1t. A p\u00e1ly\u00e1zatra a kassai Kelet-szlov\u00e1kiai Gal\u00e9ri\u00e1ban 2023. november 23-ig l\u00e1togathat\u00f3&nbsp;Kassai szelek (Winds of Ko\u0161ice)&nbsp;c\u00edm\u0171 Refik Anadol-ki\u00e1ll\u00edt\u00e1sr\u00f3l&nbsp;v\u00e1rjuk az \u00edr\u00e1sokat. Els\u0151sorban olyan sz\u00f6vegekre &hellip; <a href=\"https:\/\/opus-folyoirat.sk\/?p=868\">Egy kattint\u00e1s ide a folytat\u00e1shoz&#8230;. <span class=\"meta-nav\">&rarr;<\/span><\/a><\/p>\n","protected":false},"author":4,"featured_media":0,"comment_status":"open","ping_status":"open","sticky":false,"template":"","format":"standard","meta":{"footnotes":""},"categories":[1],"tags":[],"class_list":["post-868","post","type-post","status-publish","format-standard","hentry","category-egyeb"],"_links":{"self":[{"href":"https:\/\/opus-folyoirat.sk\/index.php?rest_route=\/wp\/v2\/posts\/868","targetHints":{"allow":["GET"]}}],"collection":[{"href":"https:\/\/opus-folyoirat.sk\/index.php?rest_route=\/wp\/v2\/posts"}],"about":[{"href":"https:\/\/opus-folyoirat.sk\/index.php?rest_route=\/wp\/v2\/types\/post"}],"author":[{"embeddable":true,"href":"https:\/\/opus-folyoirat.sk\/index.php?rest_route=\/wp\/v2\/users\/4"}],"replies":[{"embeddable":true,"href":"https:\/\/opus-folyoirat.sk\/index.php?rest_route=%2Fwp%2Fv2%2Fcomments&post=868"}],"version-history":[{"count":1,"href":"https:\/\/opus-folyoirat.sk\/index.php?rest_route=\/wp\/v2\/posts\/868\/revisions"}],"predecessor-version":[{"id":872,"href":"https:\/\/opus-folyoirat.sk\/index.php?rest_route=\/wp\/v2\/posts\/868\/revisions\/872"}],"wp:attachment":[{"href":"https:\/\/opus-folyoirat.sk\/index.php?rest_route=%2Fwp%2Fv2%2Fmedia&parent=868"}],"wp:term":[{"taxonomy":"category","embeddable":true,"href":"https:\/\/opus-folyoirat.sk\/index.php?rest_route=%2Fwp%2Fv2%2Fcategories&post=868"},{"taxonomy":"post_tag","embeddable":true,"href":"https:\/\/opus-folyoirat.sk\/index.php?rest_route=%2Fwp%2Fv2%2Ftags&post=868"}],"curies":[{"name":"wp","href":"https:\/\/api.w.org\/{rel}","templated":true}]}}